{"id":966,"date":"2024-11-09T07:14:16","date_gmt":"2024-11-09T07:14:16","guid":{"rendered":"https:\/\/mensch-und-tier.gruene-nrw-lag.de\/?p=966"},"modified":"2024-11-22T20:30:14","modified_gmt":"2024-11-22T20:30:14","slug":"lag-tsp-beteiligt-sich-an-dialogforum-am-24-11-24","status":"publish","type":"post","link":"https:\/\/mensch-und-tier.gruene-nrw-lag.de\/?p=966","title":{"rendered":"LAG TSP beteiligt sich an Dialogforum am 24.11.24"},"content":{"rendered":"\n<p>Bei der Landesdelegiertenkonferenz (LDK) am <strong>7. und 8. Dezember 2024<\/strong> in Bielefeld stellen die GR\u00dcNEN NRW die Liste f\u00fcr die Bundestagswahl auf. Dort wird entscheiden mit welchen Personen wir als GR\u00dcNE NRW bei dieser Wahl antreten.<\/p>\n\n\n\n<p>Der Landesverband hat dazu gemeinsam mit den Landesarbeitsgemeinschaften ein Forum zur programmatischen Debatte mit den Kandidat*innen organisiert. Ziel ist es allen Mitgliedern die M\u00f6glichkeit zu geben, die Kandidat*innen kennenzulernen und entlang ihrer Themenschwerpunkte im digitalen <strong>Dialogforum, am 24. November 2024 von 11:00 bis 14:00 Uhr <\/strong>ins Gespr\u00e4ch zu kommen.<\/p>\n\n\n\n<p>Die LAG Tierschutzpolitik (Niklas Graf) \u00fcbernimmt dabei gemeinsam mit der LAG EFI (David Sasserath) die Moderation f\u00fcr das Forum 1 &#8222;Lebensgrundlagen sch\u00fctzen&#8220;.<\/p>\n\n\n\n<p>Die LAG freut sich dabei auf spannende Kandidierende wie die parlamentarischen Staatssekret\u00e4r*innen Jan-Niclas Gesenhues und Ophelia Nick oder die MdBs Kathrin Henneberger, Lukas Benner, Anja Liebert und Kahrin Uhlig.<\/p>\n\n\n\n<p>Weitere Infos findet Ihr hier:<\/p>\n\n\n\n<figure class=\"wp-block-embed is-type-wp-embed is-provider-gr-ne-nrw wp-block-embed-gr-ne-nrw\"><div class=\"wp-block-embed__wrapper\">\nhttps:\/\/gruene-nrw.de\/termin\/dialogforum-2024\/\n<\/div><\/figure>\n","protected":false},"excerpt":{"rendered":"<p>Bei der Landesdelegiertenkonferenz (LDK) am 7. und 8. Dezember 2024 in Bielefeld stellen die GR\u00dcNEN NRW die Liste f\u00fcr die Bundestagswahl auf. Dort wird entscheiden mit welchen Personen wir als [&hellip;]<\/p>\n","protected":false},"author":-1,"featured_media":976,"comment_status":"closed","ping_status":"closed","sticky":false,"template":"","format":"standard","meta":{"footnotes":""},"categories":[39,1,10],"tags":[],"class_list":["post-966","post","type-post","status-publish","format-standard","has-post-thumbnail","hentry","category-aktuelles","category-home","category-termine"],"_links":{"self":[{"href":"https:\/\/mensch-und-tier.gruene-nrw-lag.de\/index.php?rest_route=\/wp\/v2\/posts\/966","targetHints":{"allow":["GET"]}}],"collection":[{"href":"https:\/\/mensch-und-tier.gruene-nrw-lag.de\/index.php?rest_route=\/wp\/v2\/posts"}],"about":[{"href":"https:\/\/mensch-und-tier.gruene-nrw-lag.de\/index.php?rest_route=\/wp\/v2\/types\/post"}],"author":[{"embeddable":true,"href":"https:\/\/mensch-und-tier.gruene-nrw-lag.de\/index.php?rest_route=\/wp\/v2\/users\/43"}],"replies":[{"embeddable":true,"href":"https:\/\/mensch-und-tier.gruene-nrw-lag.de\/index.php?rest_route=%2Fwp%2Fv2%2Fcomments&post=966"}],"version-history":[{"count":1,"href":"https:\/\/mensch-und-tier.gruene-nrw-lag.de\/index.php?rest_route=\/wp\/v2\/posts\/966\/revisions"}],"predecessor-version":[{"id":969,"href":"https:\/\/mensch-und-tier.gruene-nrw-lag.de\/index.php?rest_route=\/wp\/v2\/posts\/966\/revisions\/969"}],"wp:featuredmedia":[{"embeddable":true,"href":"https:\/\/mensch-und-tier.gruene-nrw-lag.de\/index.php?rest_route=\/wp\/v2\/media\/976"}],"wp:attachment":[{"href":"https:\/\/mensch-und-tier.gruene-nrw-lag.de\/index.php?rest_route=%2Fwp%2Fv2%2Fmedia&parent=966"}],"wp:term":[{"taxonomy":"category","embeddable":true,"href":"https:\/\/mensch-und-tier.gruene-nrw-lag.de\/index.php?rest_route=%2Fwp%2Fv2%2Fcategories&post=966"},{"taxonomy":"post_tag","embeddable":true,"href":"https:\/\/mensch-und-tier.gruene-nrw-lag.de\/index.php?rest_route=%2Fwp%2Fv2%2Ftags&post=966"}],"curies":[{"name":"wp","href":"https:\/\/api.w.org\/{rel}","templated":true}]}}