{"id":950,"date":"2024-04-22T08:28:00","date_gmt":"2024-04-22T08:28:00","guid":{"rendered":"https:\/\/mensch-und-tier.gruene-nrw-lag.de\/?p=950"},"modified":"2024-04-22T08:31:34","modified_gmt":"2024-04-22T08:31:34","slug":"weitere-vortragsreihe-auf-youtube-fuenf-fachvortraege-beleuchten-tierversuche-in-nrw","status":"publish","type":"post","link":"https:\/\/mensch-und-tier.gruene-nrw-lag.de\/?p=950","title":{"rendered":"Weitere Vortragsreihe auf YouTube &#8211; f\u00fcnf Fachvortr\u00e4ge beleuchten Tierversuche in NRW"},"content":{"rendered":"\n<p>Die LAG Tierschutzpolitik setzt ihr \u00f6ffentliches Format als ThinkTank fort und stellt die Vortr\u00e4ge der G\u00e4ste online zur Verf\u00fcgung, um gemeinsam und transparent das Tierwohl in NRW verbessern zu k\u00f6nnen. F\u00fcr Tierschutz-Interessierte sind nun Vortr\u00e4ge von folgende Referent*innen abrufbar:<\/p>\n\n\n\n<p>Dr. Frauke Albersmeier und Dr. Alexander Christian, beide HHU D\u00fcsseldorf, Prof. Dr. Ren\u00e9 Tolba, RTHW Aachen, Nele Berndt, \u00c4rzte gegen Tierversuche e.V., Dr. Lydia Wachsmuth, Universit\u00e4t M\u00fcnster sowie ein gemeinsamer Vortrag von Ella Bent, Thorben Thieme und Jasmin Zoll (campus:gr\u00fcn K\u00f6ln, AStA Bonn bzw. Fachschaft Neurowissenschaften K\u00f6ln).<\/p>\n\n\n\n<figure class=\"wp-block-embed is-type-video is-provider-youtube wp-block-embed-youtube wp-embed-aspect-16-9 wp-has-aspect-ratio\"><div class=\"wp-block-embed__wrapper\">\n<iframe loading=\"lazy\" title=\"Tierversuche: Eine ethische Einordnung - Dr. Frauke Albersmeier und Dr. Alexander Christian\" width=\"876\" height=\"493\" src=\"https:\/\/www.youtube.com\/embed\/xIEtvj3O_DY?list=PL56cYcw_CLSfILjLdcaAsuhwbMJEvOR5l\" frameborder=\"0\" allow=\"accelerometer; autoplay; clipboard-write; encrypted-media; gyroscope; picture-in-picture; web-share\" referrerpolicy=\"strict-origin-when-cross-origin\" allowfullscreen><\/iframe>\n<\/div><\/figure>\n","protected":false},"excerpt":{"rendered":"<p>Die LAG Tierschutzpolitik setzt ihr \u00f6ffentliches Format als ThinkTank fort und stellt die Vortr\u00e4ge der G\u00e4ste online zur Verf\u00fcgung, um gemeinsam und transparent das Tierwohl in NRW verbessern zu k\u00f6nnen. [&hellip;]<\/p>\n","protected":false},"author":-1,"featured_media":952,"comment_status":"closed","ping_status":"closed","sticky":false,"template":"","format":"standard","meta":{"footnotes":""},"categories":[39,1,45,10],"tags":[37,55],"class_list":["post-950","post","type-post","status-publish","format-standard","has-post-thumbnail","hentry","category-aktuelles","category-home","category-positionierungen","category-termine","tag-tierschutz","tag-tierversuch"],"_links":{"self":[{"href":"https:\/\/mensch-und-tier.gruene-nrw-lag.de\/index.php?rest_route=\/wp\/v2\/posts\/950","targetHints":{"allow":["GET"]}}],"collection":[{"href":"https:\/\/mensch-und-tier.gruene-nrw-lag.de\/index.php?rest_route=\/wp\/v2\/posts"}],"about":[{"href":"https:\/\/mensch-und-tier.gruene-nrw-lag.de\/index.php?rest_route=\/wp\/v2\/types\/post"}],"author":[{"embeddable":true,"href":"https:\/\/mensch-und-tier.gruene-nrw-lag.de\/index.php?rest_route=\/wp\/v2\/users\/43"}],"replies":[{"embeddable":true,"href":"https:\/\/mensch-und-tier.gruene-nrw-lag.de\/index.php?rest_route=%2Fwp%2Fv2%2Fcomments&post=950"}],"version-history":[{"count":2,"href":"https:\/\/mensch-und-tier.gruene-nrw-lag.de\/index.php?rest_route=\/wp\/v2\/posts\/950\/revisions"}],"predecessor-version":[{"id":954,"href":"https:\/\/mensch-und-tier.gruene-nrw-lag.de\/index.php?rest_route=\/wp\/v2\/posts\/950\/revisions\/954"}],"wp:featuredmedia":[{"embeddable":true,"href":"https:\/\/mensch-und-tier.gruene-nrw-lag.de\/index.php?rest_route=\/wp\/v2\/media\/952"}],"wp:attachment":[{"href":"https:\/\/mensch-und-tier.gruene-nrw-lag.de\/index.php?rest_route=%2Fwp%2Fv2%2Fmedia&parent=950"}],"wp:term":[{"taxonomy":"category","embeddable":true,"href":"https:\/\/mensch-und-tier.gruene-nrw-lag.de\/index.php?rest_route=%2Fwp%2Fv2%2Fcategories&post=950"},{"taxonomy":"post_tag","embeddable":true,"href":"https:\/\/mensch-und-tier.gruene-nrw-lag.de\/index.php?rest_route=%2Fwp%2Fv2%2Ftags&post=950"}],"curies":[{"name":"wp","href":"https:\/\/api.w.org\/{rel}","templated":true}]}}