{"id":943,"date":"2024-03-24T00:37:57","date_gmt":"2024-03-24T00:37:57","guid":{"rendered":"https:\/\/mensch-und-tier.gruene-nrw-lag.de\/?p=943"},"modified":"2024-03-24T00:41:07","modified_gmt":"2024-03-24T00:41:07","slug":"sanktionen-im-tierschutzrecht-wie-tierquaelerei-konsequent-geahndet-werden-kann","status":"publish","type":"post","link":"https:\/\/mensch-und-tier.gruene-nrw-lag.de\/?p=943","title":{"rendered":"Sanktionen im Tierschutzrecht \u2013 Wie Tierqu\u00e4lerei konsequent geahndet werden kann, 12.04."},"content":{"rendered":"\n<p>Schwere F\u00e4lle von Tierqu\u00e4lerei in der Landwirtschaft sind keine Seltenheit, immer wieder erschrecken Tierschutz-Skandale die \u00d6ffentlichkeit. Trotzdem werden Verst\u00f6\u00dfe gegen das Tierschutzstrafrecht bisher kaum sanktioniert, und wenn, dann nur mit Geldstrafen. \u00a0 Was f\u00fchrt zu dieser unzureichenden Durchsetzung des Tierschutzstrafrechts und wie kann diese beseitigt werden? Wie k\u00f6nnen die Interessen der Tiere gegen\u00fcber Gesellschaft, Wirtschaft und Wissenschaft ad\u00e4quat auf rechtlicher Ebene vertreten werden? \u00a0 Im Koalitionsvertrag haben sich die Ampel-Parteien darauf geeinigt, Teile des Tierschutzstrafrechts in das Kernstrafrecht zu \u00fcberf\u00fchren und das maximale Strafma\u00df zu erh\u00f6hen. Dies ist aus rechtspolitischer sowie aus tierschutzrechtlicher Perspektive relevant. Die Aufnahme des Tierschutzstrafrechts in das Strafgesetzbuch (StGB) w\u00fcrde die Sichtbarkeit und damit auch die Auseinandersetzung damit erh\u00f6hen. Tierschutzwidriges Verhalten k\u00f6nnte so einfacher als Straftat erkannt und auch angemessen geahndet werden \u2013 denn oftmals werden genau diese Strafverfahren eingestellt. \u00a0 Durch Aufnahme des ethischen Individualtierschutzes in Art. 20a Grundgesetz als Staatszielbestimmung im Jahre 2002 hat der Tierschutz eine immense Aufwertung erfahren. Wie k\u00f6nnen wir diesen herausragenden Stellenwert des Tierschutzes Rechnung tragen und unserer Verantwortung nachkommen? Wie k\u00f6nnen wir Teile des Tierschutzstrafrechts in das Kernstrafrecht \u00fcberf\u00fchren? Dar\u00fcber und \u00fcber weitere Aspekte des Tierschutzstrafrechts wollen wir mit ausgewiesenen Expert*innen diskutieren. \u00a0 Wir laden herzlich alle Interessierten ein an der Diskussion teilzunehmen!<\/p>\n\n\n\n<p>Hier geht&#8217;s zur Anmeldung: <a href=\"https:\/\/www.gruene-bundestag.de\/sanktionen-im-tierschutzrecht\">https:\/\/www.gruene-bundestag.de\/sanktionen-im-tierschutzrecht<\/a><\/p>\n\n\n\n<p><strong>Mit dabei:<\/strong> <\/p>\n\n\n\n<p><strong>Renate K\u00fcnast MdB<\/strong>, Sprecherin f\u00fcr Ern\u00e4hrung und Landwirtschaft | <strong>Helge Limburg MdB<\/strong>, Rechtspolitischer Sprecher | <strong>Dr. Zoe Mayer MdB<\/strong>, Berichterstatterin Tierschutzpolitik | <strong>Dr. Barbara Felde<\/strong>, Stellvertretende Vorsitzende der Deutschen Juristischen Gesellschaft f\u00fcr Tierschutzrecht e.V. | <strong>Ltd. VD Dr. Holger Vogel<\/strong>, Pr\u00e4sident der Bundestier\u00e4rztekammer e.V<\/p>\n","protected":false},"excerpt":{"rendered":"<p>Schwere F\u00e4lle von Tierqu\u00e4lerei in der Landwirtschaft sind keine Seltenheit, immer wieder erschrecken Tierschutz-Skandale die \u00d6ffentlichkeit. Trotzdem werden Verst\u00f6\u00dfe gegen das Tierschutzstrafrecht bisher kaum sanktioniert, und wenn, dann nur mit [&hellip;]<\/p>\n","protected":false},"author":-1,"featured_media":944,"comment_status":"closed","ping_status":"closed","sticky":false,"template":"","format":"standard","meta":{"footnotes":""},"categories":[39,1,10],"tags":[56,50,37],"class_list":["post-943","post","type-post","status-publish","format-standard","has-post-thumbnail","hentry","category-aktuelles","category-home","category-termine","tag-bundestag","tag-landwirtschaft","tag-tierschutz"],"_links":{"self":[{"href":"https:\/\/mensch-und-tier.gruene-nrw-lag.de\/index.php?rest_route=\/wp\/v2\/posts\/943","targetHints":{"allow":["GET"]}}],"collection":[{"href":"https:\/\/mensch-und-tier.gruene-nrw-lag.de\/index.php?rest_route=\/wp\/v2\/posts"}],"about":[{"href":"https:\/\/mensch-und-tier.gruene-nrw-lag.de\/index.php?rest_route=\/wp\/v2\/types\/post"}],"author":[{"embeddable":true,"href":"https:\/\/mensch-und-tier.gruene-nrw-lag.de\/index.php?rest_route=\/wp\/v2\/users\/43"}],"replies":[{"embeddable":true,"href":"https:\/\/mensch-und-tier.gruene-nrw-lag.de\/index.php?rest_route=%2Fwp%2Fv2%2Fcomments&post=943"}],"version-history":[{"count":3,"href":"https:\/\/mensch-und-tier.gruene-nrw-lag.de\/index.php?rest_route=\/wp\/v2\/posts\/943\/revisions"}],"predecessor-version":[{"id":948,"href":"https:\/\/mensch-und-tier.gruene-nrw-lag.de\/index.php?rest_route=\/wp\/v2\/posts\/943\/revisions\/948"}],"wp:featuredmedia":[{"embeddable":true,"href":"https:\/\/mensch-und-tier.gruene-nrw-lag.de\/index.php?rest_route=\/wp\/v2\/media\/944"}],"wp:attachment":[{"href":"https:\/\/mensch-und-tier.gruene-nrw-lag.de\/index.php?rest_route=%2Fwp%2Fv2%2Fmedia&parent=943"}],"wp:term":[{"taxonomy":"category","embeddable":true,"href":"https:\/\/mensch-und-tier.gruene-nrw-lag.de\/index.php?rest_route=%2Fwp%2Fv2%2Fcategories&post=943"},{"taxonomy":"post_tag","embeddable":true,"href":"https:\/\/mensch-und-tier.gruene-nrw-lag.de\/index.php?rest_route=%2Fwp%2Fv2%2Ftags&post=943"}],"curies":[{"name":"wp","href":"https:\/\/api.w.org\/{rel}","templated":true}]}}