{"id":920,"date":"2023-10-22T13:13:00","date_gmt":"2023-10-22T13:13:00","guid":{"rendered":"https:\/\/mensch-und-tier.gruene-nrw-lag.de\/?p=920"},"modified":"2023-11-09T13:14:23","modified_gmt":"2023-11-09T13:14:23","slug":"lag-besucht-haus-duesse-in-bad-sassendorf-21-10","status":"publish","type":"post","link":"https:\/\/mensch-und-tier.gruene-nrw-lag.de\/?p=920","title":{"rendered":"LAG besucht Haus D\u00fcsse in Bad Sassendorf, 21.10."},"content":{"rendered":"\n<p>Die n\u00e4chste Exkursion und vorletzte LAG-Sitzung in 2023 fand am 21.10.2023 auf Haus D\u00fcsse, dem Versuchs- und Bildungszentrum der Landwirtschaftskammer NRW, statt.<\/p>\n\n\n\n<p>Herr Pelzer, stellvertretender Leiter von Haus D\u00fcsse, bot allen Aktiven und G\u00e4sten ein spannendes Programm zum aktuellen Stand und der Zukunft der &#8222;Nutztierhaltung&#8220;.<\/p>\n\n\n\n<p>Einige Interessierte aus den benachbarten Kreisverb\u00e4nden nahmen die Einladung an und informierten sich gemeinsam mit der LAG \u00fcber aktuelle Haltungsformen in der Landwirtschaft. Dieser Termin war gleichzeitig der Auftakt der LAG f\u00fcr den aktuellen Themenschwerpunkt <strong>&#8222;Ern\u00e4hrungsstrategie und Tierschutz&#8220;<\/strong> und diente  der Vorbereitung der n\u00e4chsten (digitalen) Sitzung am 09.11.23, in welcher verschiedene Expert*innen zu diesem Thema berichten werden. <\/p>\n\n\n\n<p>In der abschlie\u00dfenden LAG-Sitzung wurde die F\u00fchrung und Vortrag zu den aktuellen Haltungssystemen f\u00fcr Gefl\u00fcgel, Schweine und Rinder in der Landwirtschaft und den Optionen in der Zukunft nach einem gemeinsamen Mittagessen reflektiert und die abschlie\u00dfende Jahresplanung besprochen.<\/p>\n\n\n\n<p>Wenn du auch Lust auf derartige Veranstaltungen hast, melde dich gerne beim Sprecher*innen-Team.<\/p>\n","protected":false},"excerpt":{"rendered":"<p>Die n\u00e4chste Exkursion und vorletzte LAG-Sitzung in 2023 fand am 21.10.2023 auf Haus D\u00fcsse, dem Versuchs- und Bildungszentrum der Landwirtschaftskammer NRW, statt. Herr Pelzer, stellvertretender Leiter von Haus D\u00fcsse, bot [&hellip;]<\/p>\n","protected":false},"author":-1,"featured_media":921,"comment_status":"closed","ping_status":"closed","sticky":false,"template":"","format":"standard","meta":{"footnotes":""},"categories":[39,1,10],"tags":[47,50,51,37],"class_list":["post-920","post","type-post","status-publish","format-standard","has-post-thumbnail","hentry","category-aktuelles","category-home","category-termine","tag-ernaehrung","tag-landwirtschaft","tag-tierhaltung","tag-tierschutz"],"_links":{"self":[{"href":"https:\/\/mensch-und-tier.gruene-nrw-lag.de\/index.php?rest_route=\/wp\/v2\/posts\/920","targetHints":{"allow":["GET"]}}],"collection":[{"href":"https:\/\/mensch-und-tier.gruene-nrw-lag.de\/index.php?rest_route=\/wp\/v2\/posts"}],"about":[{"href":"https:\/\/mensch-und-tier.gruene-nrw-lag.de\/index.php?rest_route=\/wp\/v2\/types\/post"}],"author":[{"embeddable":true,"href":"https:\/\/mensch-und-tier.gruene-nrw-lag.de\/index.php?rest_route=\/wp\/v2\/users\/43"}],"replies":[{"embeddable":true,"href":"https:\/\/mensch-und-tier.gruene-nrw-lag.de\/index.php?rest_route=%2Fwp%2Fv2%2Fcomments&post=920"}],"version-history":[{"count":1,"href":"https:\/\/mensch-und-tier.gruene-nrw-lag.de\/index.php?rest_route=\/wp\/v2\/posts\/920\/revisions"}],"predecessor-version":[{"id":922,"href":"https:\/\/mensch-und-tier.gruene-nrw-lag.de\/index.php?rest_route=\/wp\/v2\/posts\/920\/revisions\/922"}],"wp:featuredmedia":[{"embeddable":true,"href":"https:\/\/mensch-und-tier.gruene-nrw-lag.de\/index.php?rest_route=\/wp\/v2\/media\/921"}],"wp:attachment":[{"href":"https:\/\/mensch-und-tier.gruene-nrw-lag.de\/index.php?rest_route=%2Fwp%2Fv2%2Fmedia&parent=920"}],"wp:term":[{"taxonomy":"category","embeddable":true,"href":"https:\/\/mensch-und-tier.gruene-nrw-lag.de\/index.php?rest_route=%2Fwp%2Fv2%2Fcategories&post=920"},{"taxonomy":"post_tag","embeddable":true,"href":"https:\/\/mensch-und-tier.gruene-nrw-lag.de\/index.php?rest_route=%2Fwp%2Fv2%2Ftags&post=920"}],"curies":[{"name":"wp","href":"https:\/\/api.w.org\/{rel}","templated":true}]}}