{"id":359,"date":"2013-02-19T16:04:36","date_gmt":"2013-02-19T16:04:36","guid":{"rendered":"http:\/\/mensch-und-tier.gruene-nrw-lag.de\/?p=359"},"modified":"2013-02-19T16:04:36","modified_gmt":"2013-02-19T16:04:36","slug":"25-antworten-auf-25-fragen-zum-grunen-tierschutzgesetz","status":"publish","type":"post","link":"https:\/\/mensch-und-tier.gruene-nrw-lag.de\/?p=359","title":{"rendered":"25 Antworten auf 25 Fragen zum Gr\u00fcnen Tierschutzgesetz"},"content":{"rendered":"<p>Die Bundestagsfraktion von B\u00fcndnis 90\/Die Gr\u00fcnen hat ein neues Tierschutzgesetz erarbeitet. Der Entwurf st\u00f6\u00dft auf lebhaftes \u00f6ffentliches Interesse. Hier finden sie Antworten auf die meistgestellten Fragen zum gr\u00fcnen Tierschutzgesetz.<\/p>\n<p><a href=\"https:\/\/www.gruene-bundestag.de\/themen\/tierschutz\/25-antworten-auf-25-fragen-zum-gruenen-tierschutzgesetz_ID_4384538.html\">Zum vollst\u00e4ndigen Text unter www.gruene-bundestag.de<\/a><\/p>\n","protected":false},"excerpt":{"rendered":"<p>Die Bundestagsfraktion von B\u00fcndnis 90\/Die Gr\u00fcnen hat ein neues Tierschutzgesetz erarbeitet. Der Entwurf st\u00f6\u00dft auf lebhaftes \u00f6ffentliches Interesse. Hier finden sie Antworten auf die meistgestellten Fragen zum gr\u00fcnen Tierschutzgesetz. Zum [&hellip;]<\/p>\n","protected":false},"author":-1,"featured_media":0,"comment_status":"closed","ping_status":"closed","sticky":false,"template":"","format":"standard","meta":{"footnotes":""},"categories":[39],"tags":[],"class_list":["post-359","post","type-post","status-publish","format-standard","hentry","category-aktuelles"],"_links":{"self":[{"href":"https:\/\/mensch-und-tier.gruene-nrw-lag.de\/index.php?rest_route=\/wp\/v2\/posts\/359","targetHints":{"allow":["GET"]}}],"collection":[{"href":"https:\/\/mensch-und-tier.gruene-nrw-lag.de\/index.php?rest_route=\/wp\/v2\/posts"}],"about":[{"href":"https:\/\/mensch-und-tier.gruene-nrw-lag.de\/index.php?rest_route=\/wp\/v2\/types\/post"}],"author":[{"embeddable":true,"href":"https:\/\/mensch-und-tier.gruene-nrw-lag.de\/index.php?rest_route=\/wp\/v2\/users\/7"}],"replies":[{"embeddable":true,"href":"https:\/\/mensch-und-tier.gruene-nrw-lag.de\/index.php?rest_route=%2Fwp%2Fv2%2Fcomments&post=359"}],"version-history":[{"count":2,"href":"https:\/\/mensch-und-tier.gruene-nrw-lag.de\/index.php?rest_route=\/wp\/v2\/posts\/359\/revisions"}],"predecessor-version":[{"id":361,"href":"https:\/\/mensch-und-tier.gruene-nrw-lag.de\/index.php?rest_route=\/wp\/v2\/posts\/359\/revisions\/361"}],"wp:attachment":[{"href":"https:\/\/mensch-und-tier.gruene-nrw-lag.de\/index.php?rest_route=%2Fwp%2Fv2%2Fmedia&parent=359"}],"wp:term":[{"taxonomy":"category","embeddable":true,"href":"https:\/\/mensch-und-tier.gruene-nrw-lag.de\/index.php?rest_route=%2Fwp%2Fv2%2Fcategories&post=359"},{"taxonomy":"post_tag","embeddable":true,"href":"https:\/\/mensch-und-tier.gruene-nrw-lag.de\/index.php?rest_route=%2Fwp%2Fv2%2Ftags&post=359"}],"curies":[{"name":"wp","href":"https:\/\/api.w.org\/{rel}","templated":true}]}}