{"id":356,"date":"2013-02-19T16:00:30","date_gmt":"2013-02-19T16:00:30","guid":{"rendered":"http:\/\/mensch-und-tier.gruene-nrw-lag.de\/?p=356"},"modified":"2013-02-19T16:00:30","modified_gmt":"2013-02-19T16:00:30","slug":"medizinische-versorgung-von-heimtieren-verbessern","status":"publish","type":"post","link":"https:\/\/mensch-und-tier.gruene-nrw-lag.de\/?p=356","title":{"rendered":"Medizinische Versorgung von Heimtieren verbessern"},"content":{"rendered":"<p>In einem Expertengespr\u00e4ch diskutierte die gr\u00fcne Bundestagsfraktion \u00fcber die Heimtiergesundheit. M\u00f6glicher Verbesserungsbedarf wie die Einf\u00fchrung eines Fachkundenachweises f\u00fcr Halter oder die Zertifizierung von Zoofachh\u00e4ndlern wurden er\u00f6rtert.<\/p>\n<p><a href=\"https:\/\/www.gruene-bundestag.de\/themen\/tierschutz\/medizinische-versorgung-von-heimtieren-verbessern_ID_4386978.html\">Zum vollst\u00e4ndigen Text unter www.gruene-bundestag.de<\/a><\/p>\n","protected":false},"excerpt":{"rendered":"<p>In einem Expertengespr\u00e4ch diskutierte die gr\u00fcne Bundestagsfraktion \u00fcber die Heimtiergesundheit. M\u00f6glicher Verbesserungsbedarf wie die Einf\u00fchrung eines Fachkundenachweises f\u00fcr Halter oder die Zertifizierung von Zoofachh\u00e4ndlern wurden er\u00f6rtert. Zum vollst\u00e4ndigen Text unter [&hellip;]<\/p>\n","protected":false},"author":-1,"featured_media":0,"comment_status":"closed","ping_status":"closed","sticky":false,"template":"","format":"standard","meta":{"footnotes":""},"categories":[39],"tags":[],"class_list":["post-356","post","type-post","status-publish","format-standard","hentry","category-aktuelles"],"_links":{"self":[{"href":"https:\/\/mensch-und-tier.gruene-nrw-lag.de\/index.php?rest_route=\/wp\/v2\/posts\/356","targetHints":{"allow":["GET"]}}],"collection":[{"href":"https:\/\/mensch-und-tier.gruene-nrw-lag.de\/index.php?rest_route=\/wp\/v2\/posts"}],"about":[{"href":"https:\/\/mensch-und-tier.gruene-nrw-lag.de\/index.php?rest_route=\/wp\/v2\/types\/post"}],"author":[{"embeddable":true,"href":"https:\/\/mensch-und-tier.gruene-nrw-lag.de\/index.php?rest_route=\/wp\/v2\/users\/7"}],"replies":[{"embeddable":true,"href":"https:\/\/mensch-und-tier.gruene-nrw-lag.de\/index.php?rest_route=%2Fwp%2Fv2%2Fcomments&post=356"}],"version-history":[{"count":2,"href":"https:\/\/mensch-und-tier.gruene-nrw-lag.de\/index.php?rest_route=\/wp\/v2\/posts\/356\/revisions"}],"predecessor-version":[{"id":358,"href":"https:\/\/mensch-und-tier.gruene-nrw-lag.de\/index.php?rest_route=\/wp\/v2\/posts\/356\/revisions\/358"}],"wp:attachment":[{"href":"https:\/\/mensch-und-tier.gruene-nrw-lag.de\/index.php?rest_route=%2Fwp%2Fv2%2Fmedia&parent=356"}],"wp:term":[{"taxonomy":"category","embeddable":true,"href":"https:\/\/mensch-und-tier.gruene-nrw-lag.de\/index.php?rest_route=%2Fwp%2Fv2%2Fcategories&post=356"},{"taxonomy":"post_tag","embeddable":true,"href":"https:\/\/mensch-und-tier.gruene-nrw-lag.de\/index.php?rest_route=%2Fwp%2Fv2%2Ftags&post=356"}],"curies":[{"name":"wp","href":"https:\/\/api.w.org\/{rel}","templated":true}]}}