{"id":1115,"date":"2026-09-02T20:01:32","date_gmt":"2026-09-02T20:01:32","guid":{"rendered":"https:\/\/mensch-und-tier.gruene-nrw-lag.de\/?p=1115"},"modified":"2026-09-02T20:01:41","modified_gmt":"2026-09-02T20:01:41","slug":"5-lag-sitzung-2026-im-september-09-09-19h","status":"publish","type":"post","link":"https:\/\/mensch-und-tier.gruene-nrw-lag.de\/?p=1115","title":{"rendered":"5. LAG Sitzung 2026 im September, 09.09., 19h"},"content":{"rendered":"\n<p class=\"wp-block-paragraph\">Liebe LAG TSP Mitglieder,<\/p>\n\n\n\n<p class=\"wp-block-paragraph\">Liebe Interessierte,<\/p>\n\n\n\n<p class=\"wp-block-paragraph\">hiermit laden wir Euch herzlich zu unserer n\u00e4chsten regul\u00e4ren Sitzung ein. Sie findet am Mittwoch, 09.09.26, ab 19:00 Uhr, digital via Zoom, statt.<\/p>\n\n\n\n<p class=\"wp-block-paragraph\">Wer am Zoom-Meeting teilnehmen m\u00f6chte, kann sich wie gewohnt beim Sprecher*innen-Team die Zugangsdaten erfragen. Sie werden ansonsten \u00fcber den Mailverteiler der LAG und in der Messengergruppe der Aktiven geteilt.<\/p>\n\n\n\n<p class=\"wp-block-paragraph\"><\/p>\n\n\n\n<p class=\"wp-block-paragraph\">Wir schlagen Euch folgende Tagesordnung vor:<\/p>\n\n\n\n<p class=\"wp-block-paragraph\">TOP 1: Formalia<\/p>\n\n\n\n<p class=\"wp-block-paragraph\">TOP 2: Update Landtagswahl und Votenvergabe<\/p>\n\n\n\n<p class=\"wp-block-paragraph\">TOP 3: (Erg\u00e4nzende) Votenvergabe f\u00fcr die LTW 2027<\/p>\n\n\n\n<p class=\"wp-block-paragraph\">TOP 4: Berichte<\/p>\n\n\n\n<p class=\"wp-block-paragraph\">TOP 5: Weitere Themen- und Aktionsplanung 2026-2027<\/p>\n\n\n\n<p class=\"wp-block-paragraph\">TOP 6: Termine und Verschiedenes<\/p>\n\n\n\n<p class=\"wp-block-paragraph\"><\/p>\n\n\n\n<p class=\"wp-block-paragraph\">Herzliche gr\u00fcne Gr\u00fc\u00dfe <\/p>\n\n\n\n<p class=\"wp-block-paragraph\">Euer Sprech- und Koordinationsteam<\/p>\n\n\n\n<p class=\"wp-block-paragraph\">Britta, Niklas, Marion und Manu<\/p>\n\n\n\n<p class=\"wp-block-paragraph\">Solveigh, Fabian, Lea und Andrea<\/p>\n\n\n\n<p class=\"wp-block-paragraph\"><\/p>\n","protected":false},"excerpt":{"rendered":"<p>Liebe LAG TSP Mitglieder, Liebe Interessierte, hiermit laden wir Euch herzlich zu unserer n\u00e4chsten regul\u00e4ren Sitzung ein. Sie findet am Mittwoch, 09.09.26, ab 19:00 Uhr, digital via Zoom, statt. Wer [&hellip;]<\/p>\n","protected":false},"author":-1,"featured_media":857,"comment_status":"closed","ping_status":"closed","sticky":false,"template":"","format":"standard","meta":{"footnotes":""},"categories":[39,1,10],"tags":[],"class_list":["post-1115","post","type-post","status-publish","format-standard","has-post-thumbnail","hentry","category-aktuelles","category-home","category-termine"],"_links":{"self":[{"href":"https:\/\/mensch-und-tier.gruene-nrw-lag.de\/index.php?rest_route=\/wp\/v2\/posts\/1115","targetHints":{"allow":["GET"]}}],"collection":[{"href":"https:\/\/mensch-und-tier.gruene-nrw-lag.de\/index.php?rest_route=\/wp\/v2\/posts"}],"about":[{"href":"https:\/\/mensch-und-tier.gruene-nrw-lag.de\/index.php?rest_route=\/wp\/v2\/types\/post"}],"author":[{"embeddable":true,"href":"https:\/\/mensch-und-tier.gruene-nrw-lag.de\/index.php?rest_route=\/wp\/v2\/users\/43"}],"replies":[{"embeddable":true,"href":"https:\/\/mensch-und-tier.gruene-nrw-lag.de\/index.php?rest_route=%2Fwp%2Fv2%2Fcomments&post=1115"}],"version-history":[{"count":1,"href":"https:\/\/mensch-und-tier.gruene-nrw-lag.de\/index.php?rest_route=\/wp\/v2\/posts\/1115\/revisions"}],"predecessor-version":[{"id":1116,"href":"https:\/\/mensch-und-tier.gruene-nrw-lag.de\/index.php?rest_route=\/wp\/v2\/posts\/1115\/revisions\/1116"}],"wp:featuredmedia":[{"embeddable":true,"href":"https:\/\/mensch-und-tier.gruene-nrw-lag.de\/index.php?rest_route=\/wp\/v2\/media\/857"}],"wp:attachment":[{"href":"https:\/\/mensch-und-tier.gruene-nrw-lag.de\/index.php?rest_route=%2Fwp%2Fv2%2Fmedia&parent=1115"}],"wp:term":[{"taxonomy":"category","embeddable":true,"href":"https:\/\/mensch-und-tier.gruene-nrw-lag.de\/index.php?rest_route=%2Fwp%2Fv2%2Fcategories&post=1115"},{"taxonomy":"post_tag","embeddable":true,"href":"https:\/\/mensch-und-tier.gruene-nrw-lag.de\/index.php?rest_route=%2Fwp%2Fv2%2Ftags&post=1115"}],"curies":[{"name":"wp","href":"https:\/\/api.w.org\/{rel}","templated":true}]}}