{"id":1071,"date":"2025-07-15T16:41:00","date_gmt":"2025-07-15T16:41:00","guid":{"rendered":"https:\/\/mensch-und-tier.gruene-nrw-lag.de\/?p=1071"},"modified":"2025-07-27T00:44:25","modified_gmt":"2025-07-27T00:44:25","slug":"lag-sitzung-in-der-landesgeschaeftsstelle-waehlt-neues-sprecherinnen-team","status":"publish","type":"post","link":"https:\/\/mensch-und-tier.gruene-nrw-lag.de\/?p=1071","title":{"rendered":"LAG Sitzung in der Landesgesch\u00e4ftsstelle w\u00e4hlt neues Sprecher*innen-Team"},"content":{"rendered":"\n<h2 class=\"wp-block-heading\"><\/h2>\n\n\n\n<p>Die Landesarbeitsgemeinschaft Tierschutzpolitik hat sich am 12.07.2025 hybrid in der Landesgesch\u00e4ftsstelle der GR\u00dcNEN NRW getroffen. Neben einem Vortrag und dem entsprechenden Austausch zu Neuweltkameliden, von unserem LAG-Mitglied Michaela Maluche (Rheinland Alpakas), gab es eine ausf\u00fchrliche Abstimmung und einen Beschluss zu aktuellen und kommenden Positionspapieren. Verabschiedet wurde eine Positionierung zu illegalem Welpenhandel, welcher nun auf der n\u00e4chsten LDK eingebracht werden soll.<\/p>\n\n\n\n<p>Neben den \u00fcblichen Berichten der Sprecher*innen, gab es allerdings auch Wahlen f\u00fcr die Bundesarbeitsgemeinschaft und das Sprecher*innen-Team.<\/p>\n\n\n\n<p>F\u00fcr die Sprecher*innen wurden Britta Hollinderb\u00e4umer (Lengerich), Marion L\u00fcnz (Versmold) und Niklas Graf (Dinslaken) im Amt best\u00e4tigt. Neu dazu kommt Manuel Carrasco Molina aus D\u00fcren. <\/p>\n\n\n\n<p>F\u00fcr die Bundesarbeitgemeinschaft werden in den folgenden zwei Jahren Marion L\u00fcnz und Solveigh Zieger die NRW-Perspektive einbringen. Ihre Vertretungen als Ersatzdelegierte sind Britta Hollinderb\u00e4umer, Nina Wulbrand, Petra Kuhlendahl und Manuel Carrasco Molina.<\/p>\n\n\n\n<p><\/p>\n","protected":false},"excerpt":{"rendered":"<p>Die Landesarbeitsgemeinschaft Tierschutzpolitik hat sich am 12.07.2025 hybrid in der Landesgesch\u00e4ftsstelle der GR\u00dcNEN NRW getroffen. Neben einem Vortrag und dem entsprechenden Austausch zu Neuweltkameliden, von unserem LAG-Mitglied Michaela Maluche (Rheinland [&hellip;]<\/p>\n","protected":false},"author":-1,"featured_media":1072,"comment_status":"closed","ping_status":"closed","sticky":false,"template":"","format":"standard","meta":{"footnotes":""},"categories":[1],"tags":[],"class_list":["post-1071","post","type-post","status-publish","format-standard","has-post-thumbnail","hentry","category-home"],"_links":{"self":[{"href":"https:\/\/mensch-und-tier.gruene-nrw-lag.de\/index.php?rest_route=\/wp\/v2\/posts\/1071","targetHints":{"allow":["GET"]}}],"collection":[{"href":"https:\/\/mensch-und-tier.gruene-nrw-lag.de\/index.php?rest_route=\/wp\/v2\/posts"}],"about":[{"href":"https:\/\/mensch-und-tier.gruene-nrw-lag.de\/index.php?rest_route=\/wp\/v2\/types\/post"}],"author":[{"embeddable":true,"href":"https:\/\/mensch-und-tier.gruene-nrw-lag.de\/index.php?rest_route=\/wp\/v2\/users\/43"}],"replies":[{"embeddable":true,"href":"https:\/\/mensch-und-tier.gruene-nrw-lag.de\/index.php?rest_route=%2Fwp%2Fv2%2Fcomments&post=1071"}],"version-history":[{"count":2,"href":"https:\/\/mensch-und-tier.gruene-nrw-lag.de\/index.php?rest_route=\/wp\/v2\/posts\/1071\/revisions"}],"predecessor-version":[{"id":1075,"href":"https:\/\/mensch-und-tier.gruene-nrw-lag.de\/index.php?rest_route=\/wp\/v2\/posts\/1071\/revisions\/1075"}],"wp:featuredmedia":[{"embeddable":true,"href":"https:\/\/mensch-und-tier.gruene-nrw-lag.de\/index.php?rest_route=\/wp\/v2\/media\/1072"}],"wp:attachment":[{"href":"https:\/\/mensch-und-tier.gruene-nrw-lag.de\/index.php?rest_route=%2Fwp%2Fv2%2Fmedia&parent=1071"}],"wp:term":[{"taxonomy":"category","embeddable":true,"href":"https:\/\/mensch-und-tier.gruene-nrw-lag.de\/index.php?rest_route=%2Fwp%2Fv2%2Fcategories&post=1071"},{"taxonomy":"post_tag","embeddable":true,"href":"https:\/\/mensch-und-tier.gruene-nrw-lag.de\/index.php?rest_route=%2Fwp%2Fv2%2Ftags&post=1071"}],"curies":[{"name":"wp","href":"https:\/\/api.w.org\/{rel}","templated":true}]}}