{"id":1058,"date":"2025-07-12T23:32:35","date_gmt":"2025-07-12T23:32:35","guid":{"rendered":"https:\/\/mensch-und-tier.gruene-nrw-lag.de\/?p=1058"},"modified":"2025-07-26T23:33:18","modified_gmt":"2025-07-26T23:33:18","slug":"vortraege-aus-dem-dialogforum-der-gruenen-nrw-online","status":"publish","type":"post","link":"https:\/\/mensch-und-tier.gruene-nrw-lag.de\/?p=1058","title":{"rendered":"Vortr\u00e4ge aus dem Dialogforum der GR\u00dcNEN NRW online"},"content":{"rendered":"\n<p>Die LAG Tierschutzpolitik und die LAG Regional- und Stadtentwicklung haben am 14. Juni beim Dialogforum der GR\u00dcNEN NRW die Breakout-Session &#8222;Gr\u00fcne Stadt- und Dorfplanung: Wie Biodiversit\u00e4t unsere Innenst\u00e4dte zum Bl\u00fchen bringt&#8220; geleitet.<\/p>\n\n\n\n<p>Unter der Moderation der LAG-Sprecher*innen Niklas Graf und Mich\u00e8le Eichhorn referierten Barbara Bouillon f\u00fcr den Dachverband Biologische Stationen in NRW und Alexander Eing f\u00fcr die Stadt Ahaus.<\/p>\n\n\n\n<p>Hier findet Ihr die Vortragsreihe auf YouTube:<\/p>\n\n\n\n<figure class=\"wp-block-embed is-type-video is-provider-youtube wp-block-embed-youtube wp-embed-aspect-16-9 wp-has-aspect-ratio\"><div class=\"wp-block-embed__wrapper\">\n<iframe loading=\"lazy\" title=\"Dialogforum - Wie Biodiversit\u00e4t unsere Innenst\u00e4dte zum Bl\u00fchen bringt\" width=\"876\" height=\"493\" src=\"https:\/\/www.youtube.com\/embed\/videoseries?list=PL56cYcw_CLSfqEconO-XiV8iZuErMUQqa\" frameborder=\"0\" allow=\"accelerometer; autoplay; clipboard-write; encrypted-media; gyroscope; picture-in-picture; web-share\" referrerpolicy=\"strict-origin-when-cross-origin\" allowfullscreen><\/iframe>\n<\/div><\/figure>\n","protected":false},"excerpt":{"rendered":"<p>Die LAG Tierschutzpolitik und die LAG Regional- und Stadtentwicklung haben am 14. Juni beim Dialogforum der GR\u00dcNEN NRW die Breakout-Session &#8222;Gr\u00fcne Stadt- und Dorfplanung: Wie Biodiversit\u00e4t unsere Innenst\u00e4dte zum Bl\u00fchen [&hellip;]<\/p>\n","protected":false},"author":-1,"featured_media":1059,"comment_status":"closed","ping_status":"closed","sticky":false,"template":"","format":"standard","meta":{"footnotes":""},"categories":[39,1,45],"tags":[],"class_list":["post-1058","post","type-post","status-publish","format-standard","has-post-thumbnail","hentry","category-aktuelles","category-home","category-positionierungen"],"_links":{"self":[{"href":"https:\/\/mensch-und-tier.gruene-nrw-lag.de\/index.php?rest_route=\/wp\/v2\/posts\/1058","targetHints":{"allow":["GET"]}}],"collection":[{"href":"https:\/\/mensch-und-tier.gruene-nrw-lag.de\/index.php?rest_route=\/wp\/v2\/posts"}],"about":[{"href":"https:\/\/mensch-und-tier.gruene-nrw-lag.de\/index.php?rest_route=\/wp\/v2\/types\/post"}],"author":[{"embeddable":true,"href":"https:\/\/mensch-und-tier.gruene-nrw-lag.de\/index.php?rest_route=\/wp\/v2\/users\/43"}],"replies":[{"embeddable":true,"href":"https:\/\/mensch-und-tier.gruene-nrw-lag.de\/index.php?rest_route=%2Fwp%2Fv2%2Fcomments&post=1058"}],"version-history":[{"count":1,"href":"https:\/\/mensch-und-tier.gruene-nrw-lag.de\/index.php?rest_route=\/wp\/v2\/posts\/1058\/revisions"}],"predecessor-version":[{"id":1060,"href":"https:\/\/mensch-und-tier.gruene-nrw-lag.de\/index.php?rest_route=\/wp\/v2\/posts\/1058\/revisions\/1060"}],"wp:featuredmedia":[{"embeddable":true,"href":"https:\/\/mensch-und-tier.gruene-nrw-lag.de\/index.php?rest_route=\/wp\/v2\/media\/1059"}],"wp:attachment":[{"href":"https:\/\/mensch-und-tier.gruene-nrw-lag.de\/index.php?rest_route=%2Fwp%2Fv2%2Fmedia&parent=1058"}],"wp:term":[{"taxonomy":"category","embeddable":true,"href":"https:\/\/mensch-und-tier.gruene-nrw-lag.de\/index.php?rest_route=%2Fwp%2Fv2%2Fcategories&post=1058"},{"taxonomy":"post_tag","embeddable":true,"href":"https:\/\/mensch-und-tier.gruene-nrw-lag.de\/index.php?rest_route=%2Fwp%2Fv2%2Ftags&post=1058"}],"curies":[{"name":"wp","href":"https:\/\/api.w.org\/{rel}","templated":true}]}}