{"id":1051,"date":"2025-06-06T23:35:09","date_gmt":"2025-06-06T23:35:09","guid":{"rendered":"https:\/\/mensch-und-tier.gruene-nrw-lag.de\/?p=1051"},"modified":"2025-06-06T23:36:23","modified_gmt":"2025-06-06T23:36:23","slug":"lag-tsp-beteiligt-sich-an-forum-1-des-dialogforums-am-14-06-25","status":"publish","type":"post","link":"https:\/\/mensch-und-tier.gruene-nrw-lag.de\/?p=1051","title":{"rendered":"LAG TSP beteiligt sich an Forum 1 des Dialogforums am 14.06.25"},"content":{"rendered":"\n<figure class=\"wp-block-table\"><table class=\"has-fixed-layout\"><tbody><tr><td>Liebe Freund*innen, &nbsp; <br \/><br \/>die Kommunalwahl r\u00fcckt n\u00e4her. Kommunen sind das Herz unserer Demokratie &#8211; hier wird Politik direkt erlebbar! In unseren St\u00e4dten und Gemeinden entscheidet sich Tag f\u00fcr Tag, wie lebenswert, gerecht und klimafreundlich unser Zusammenleben ist. <br \/><br \/>Gemeinsam wollen wir bei unserem Dialogforum einen Blick auf einige&nbsp; bevorstehenden Herausforderungen und Chancen daf\u00fcr werfen. Wir m\u00f6chten \u00fcber Ideen und Konzepte sprechen, die unsere St\u00e4dte und Gemeinden fit f\u00fcr die Zukunft machen. &nbsp; Dazu laden wir gemeinsam mit unseren Landesarbeitsgemeinschaften und Landesvereinigungen zum digitalen <strong>Dialogforum, am 14. Juni 2025 von 11:00 bis 14:30 Uhr ein.<\/strong> <br \/><br \/>In unserem Dialogforum steht die Kommunalwahl und ihre inhaltlichen Schwerpunkte im Fokus, daher haben wir <strong>vier&nbsp;digitale Fachforen<\/strong> f\u00fcr euch:&nbsp; <br \/><br \/>Forum 1:<br \/>Gr\u00fcne Stadt- und Dorfplanung: Wie Biodiversit\u00e4t unsere Innenst\u00e4dte zum Bl\u00fchen bringt <br \/><br \/>Forum 2:<br \/>Klick statt Papier: Wie wir kommunale Verwaltung lebendig und gerecht modernisieren <br \/><br \/>Forum 3:<br \/>Kommunale Daseinsvorsorge neu gedacht: Gesundheit, Teilhabe, Solidarit\u00e4t <br \/><br \/>Forum 4:<br \/>Eine Kommune, die in Vielfalt zusammenh\u00e4lt: Inklusion und Antirassismusarbeit in der Kommunalpolitik &nbsp; <br \/><br \/>Diese Foren werden in zwei Gruppen aufgeteilt. Wir beginnen mit Session 1 (Forum 1-2) und machen dann nach einer Pause mit Session 2 (Forum 3-4) weiter. Man muss sich als Teilnehmer*in entscheiden, an welchen zwei Foren man teilnehmen m\u00f6chte.<br \/><br \/>Unsere LAGen und Landesvereinigungen bereiten diese Foren vor und \u00fcbernehmen die Moderation. Gemeinsam haben wir einige neue Ideen entwickelt, um diese Runden dynamisch zu gestalten, eine Fachdebatte sicherzustellen und Partizipationsm\u00f6glichkeiten f\u00fcr alle Teilnehmer*innen zu bieten.<br \/>Wir laden Euch alle ein dabei zu sein und freuen uns auf Euch! &nbsp;<br \/><br \/><a href=\"https:\/\/gruene-nrw.de\/event\/dialogforum\/\">Hier geht&#8217;s zur Anmeldung.<\/a><\/td><\/tr><\/tbody><\/table><\/figure>\n\n\n\n<p><\/p>\n","protected":false},"excerpt":{"rendered":"<p>Liebe Freund*innen, &nbsp; die Kommunalwahl r\u00fcckt n\u00e4her. Kommunen sind das Herz unserer Demokratie &#8211; hier wird Politik direkt erlebbar! In unseren St\u00e4dten und Gemeinden entscheidet sich Tag f\u00fcr Tag, wie [&hellip;]<\/p>\n","protected":false},"author":-1,"featured_media":1052,"comment_status":"closed","ping_status":"closed","sticky":false,"template":"","format":"standard","meta":{"footnotes":""},"categories":[39,1,10],"tags":[],"class_list":["post-1051","post","type-post","status-publish","format-standard","has-post-thumbnail","hentry","category-aktuelles","category-home","category-termine"],"_links":{"self":[{"href":"https:\/\/mensch-und-tier.gruene-nrw-lag.de\/index.php?rest_route=\/wp\/v2\/posts\/1051","targetHints":{"allow":["GET"]}}],"collection":[{"href":"https:\/\/mensch-und-tier.gruene-nrw-lag.de\/index.php?rest_route=\/wp\/v2\/posts"}],"about":[{"href":"https:\/\/mensch-und-tier.gruene-nrw-lag.de\/index.php?rest_route=\/wp\/v2\/types\/post"}],"author":[{"embeddable":true,"href":"https:\/\/mensch-und-tier.gruene-nrw-lag.de\/index.php?rest_route=\/wp\/v2\/users\/43"}],"replies":[{"embeddable":true,"href":"https:\/\/mensch-und-tier.gruene-nrw-lag.de\/index.php?rest_route=%2Fwp%2Fv2%2Fcomments&post=1051"}],"version-history":[{"count":2,"href":"https:\/\/mensch-und-tier.gruene-nrw-lag.de\/index.php?rest_route=\/wp\/v2\/posts\/1051\/revisions"}],"predecessor-version":[{"id":1055,"href":"https:\/\/mensch-und-tier.gruene-nrw-lag.de\/index.php?rest_route=\/wp\/v2\/posts\/1051\/revisions\/1055"}],"wp:featuredmedia":[{"embeddable":true,"href":"https:\/\/mensch-und-tier.gruene-nrw-lag.de\/index.php?rest_route=\/wp\/v2\/media\/1052"}],"wp:attachment":[{"href":"https:\/\/mensch-und-tier.gruene-nrw-lag.de\/index.php?rest_route=%2Fwp%2Fv2%2Fmedia&parent=1051"}],"wp:term":[{"taxonomy":"category","embeddable":true,"href":"https:\/\/mensch-und-tier.gruene-nrw-lag.de\/index.php?rest_route=%2Fwp%2Fv2%2Fcategories&post=1051"},{"taxonomy":"post_tag","embeddable":true,"href":"https:\/\/mensch-und-tier.gruene-nrw-lag.de\/index.php?rest_route=%2Fwp%2Fv2%2Ftags&post=1051"}],"curies":[{"name":"wp","href":"https:\/\/api.w.org\/{rel}","templated":true}]}}