{"id":1048,"date":"2025-06-05T23:11:16","date_gmt":"2025-06-05T23:11:16","guid":{"rendered":"https:\/\/mensch-und-tier.gruene-nrw-lag.de\/?p=1048"},"modified":"2025-06-06T23:35:30","modified_gmt":"2025-06-06T23:35:30","slug":"neue-vortragsreihe-zum-illegalen-welpenhandel-online","status":"publish","type":"post","link":"https:\/\/mensch-und-tier.gruene-nrw-lag.de\/?p=1048","title":{"rendered":"Neue Vortragsreihe zum illegalen Welpenhandel online"},"content":{"rendered":"\n<p>Die LAG Tierschutzpolitik freut sich die nunmehr achte Vortragsreihe zu ver\u00f6ffentlichen. Dieses Mal besch\u00e4ftigt sich der gr\u00fcne ThinkTank mit dem illegalen Welpenhandel in Nordrhein-Westfalen.<\/p>\n\n\n\n<p>Wir bedanken uns besonders bei unseren Expert*innen f\u00fcr die gro\u00dfartigen und inhaltlich starken Vortr\u00e4ge. <\/p>\n\n\n\n<p><strong>Ellen Apitz, Mitglied des Vorstands, DJGT e.V.<\/strong> &#8211; Rechtliche Perspektive und M\u00f6glichkeiten, Rechtsgrundlagen (Judikative)<\/p>\n\n\n\n<ol start=\"1\" class=\"wp-block-list\">\n<li><\/li>\n<\/ol>\n\n\n\n<p><strong>Sina Hanke, 1. Vorsitzende, Animal Care e.V.<\/strong> &#8211; Perspektive der Zivilgesellschaft und Tierschutz-Praxis<\/p>\n\n\n\n<p><strong>Dr. Carolin Debuschewitz, Stadt K\u00f6ln<\/strong> &#8211; Perspektive aus der allt\u00e4glichen Arbeit (Exekutive)<\/p>\n\n\n\n<ol start=\"2\" class=\"wp-block-list\">\n<li><\/li>\n<\/ol>\n\n\n\n<p><strong>Norwich R\u00fc\u00dfe, MdL<\/strong> &#8211; Perspektive aus dem Landtag und aktuelle politische Lage (Legislative)<\/p>\n\n\n\n<ol start=\"3\" class=\"wp-block-list\">\n<li><\/li>\n<\/ol>\n\n\n\n<ol start=\"4\" class=\"wp-block-list\">\n<li><\/li>\n<\/ol>\n\n\n\n<p><\/p>\n\n\n\n<figure class=\"wp-block-embed is-type-video is-provider-youtube wp-block-embed-youtube wp-embed-aspect-16-9 wp-has-aspect-ratio\"><div class=\"wp-block-embed__wrapper\">\n<iframe loading=\"lazy\" title=\"Illegaler Welpenhandel in NRW - Perspektive der Zivilgesellschaft und Tierschutzpraxis\" width=\"876\" height=\"493\" src=\"https:\/\/www.youtube.com\/embed\/aX-jHBbAriA?list=PL56cYcw_CLSfUiyggC6e9FDzqVGWaKdlM\" frameborder=\"0\" allow=\"accelerometer; autoplay; clipboard-write; encrypted-media; gyroscope; picture-in-picture; web-share\" referrerpolicy=\"strict-origin-when-cross-origin\" allowfullscreen><\/iframe>\n<\/div><\/figure>\n","protected":false},"excerpt":{"rendered":"<p>Die LAG Tierschutzpolitik freut sich die nunmehr achte Vortragsreihe zu ver\u00f6ffentlichen. Dieses Mal besch\u00e4ftigt sich der gr\u00fcne ThinkTank mit dem illegalen Welpenhandel in Nordrhein-Westfalen. Wir bedanken uns besonders bei unseren [&hellip;]<\/p>\n","protected":false},"author":-1,"featured_media":1049,"comment_status":"closed","ping_status":"closed","sticky":false,"template":"","format":"standard","meta":{"footnotes":""},"categories":[39,1,45],"tags":[61,54,51,62,60],"class_list":["post-1048","post","type-post","status-publish","format-standard","has-post-thumbnail","hentry","category-aktuelles","category-home","category-positionierungen","tag-hunde","tag-landtag","tag-tierhaltung","tag-welpen","tag-welpenhandel"],"_links":{"self":[{"href":"https:\/\/mensch-und-tier.gruene-nrw-lag.de\/index.php?rest_route=\/wp\/v2\/posts\/1048","targetHints":{"allow":["GET"]}}],"collection":[{"href":"https:\/\/mensch-und-tier.gruene-nrw-lag.de\/index.php?rest_route=\/wp\/v2\/posts"}],"about":[{"href":"https:\/\/mensch-und-tier.gruene-nrw-lag.de\/index.php?rest_route=\/wp\/v2\/types\/post"}],"author":[{"embeddable":true,"href":"https:\/\/mensch-und-tier.gruene-nrw-lag.de\/index.php?rest_route=\/wp\/v2\/users\/43"}],"replies":[{"embeddable":true,"href":"https:\/\/mensch-und-tier.gruene-nrw-lag.de\/index.php?rest_route=%2Fwp%2Fv2%2Fcomments&post=1048"}],"version-history":[{"count":2,"href":"https:\/\/mensch-und-tier.gruene-nrw-lag.de\/index.php?rest_route=\/wp\/v2\/posts\/1048\/revisions"}],"predecessor-version":[{"id":1054,"href":"https:\/\/mensch-und-tier.gruene-nrw-lag.de\/index.php?rest_route=\/wp\/v2\/posts\/1048\/revisions\/1054"}],"wp:featuredmedia":[{"embeddable":true,"href":"https:\/\/mensch-und-tier.gruene-nrw-lag.de\/index.php?rest_route=\/wp\/v2\/media\/1049"}],"wp:attachment":[{"href":"https:\/\/mensch-und-tier.gruene-nrw-lag.de\/index.php?rest_route=%2Fwp%2Fv2%2Fmedia&parent=1048"}],"wp:term":[{"taxonomy":"category","embeddable":true,"href":"https:\/\/mensch-und-tier.gruene-nrw-lag.de\/index.php?rest_route=%2Fwp%2Fv2%2Fcategories&post=1048"},{"taxonomy":"post_tag","embeddable":true,"href":"https:\/\/mensch-und-tier.gruene-nrw-lag.de\/index.php?rest_route=%2Fwp%2Fv2%2Ftags&post=1048"}],"curies":[{"name":"wp","href":"https:\/\/api.w.org\/{rel}","templated":true}]}}