{"id":1030,"date":"2025-04-25T08:14:37","date_gmt":"2025-04-25T08:14:37","guid":{"rendered":"https:\/\/mensch-und-tier.gruene-nrw-lag.de\/?p=1030"},"modified":"2025-05-01T08:22:07","modified_gmt":"2025-05-01T08:22:07","slug":"lag-sitzung-mit-schwerpunkt-illegaler-welpenhandel-14-05","status":"publish","type":"post","link":"https:\/\/mensch-und-tier.gruene-nrw-lag.de\/?p=1030","title":{"rendered":"LAG-Sitzung mit Schwerpunkt &#8222;Illegaler Welpenhandel&#8220;, 14.05."},"content":{"rendered":"\n<p>Am Mittwoch, 14.05., findet ab 19:00 Uhr die bereits dritte LAG Sitzung dieses Jahres statt. Nach dem Besuch des Tierheims in Essen im Januar und der Vortragsreihe zum Thema &#8222;Katzenkastration&#8220; im M\u00e4rz wird nun ein Fokus auf den illegalen Welpenhandel gelegt.<\/p>\n\n\n\n<p>Weitere Themen sind u.a. die Tagesordnungspunkte Berichte, der Beschluss zur m\u00f6glichen Vergr\u00f6\u00dferung des LAG-Sprecher*innen-Teams und Termine und Verschiedenes. In n\u00e4chster Zeit stehen bspw. die LDK in K\u00f6ln, 24.\/25.05., die BAG Sitzung in Bremen, 13.-15.06., und das Dialogforum, 14.06., an.<\/p>\n\n\n\n<p>Wer die Zoom-Zugangsdaten erhalten m\u00f6chte, kann sich jederzeit via Mail an das Sprecher*innenteam wenden.<\/p>\n\n\n\n<p><\/p>\n\n\n\n<figure class=\"wp-block-embed is-type-video is-provider-youtube wp-block-embed-youtube wp-embed-aspect-16-9 wp-has-aspect-ratio\"><div class=\"wp-block-embed__wrapper\">\n<iframe loading=\"lazy\" title=\"Katzenkastration - Warum sie so wichtig ist!\" width=\"876\" height=\"493\" src=\"https:\/\/www.youtube.com\/embed\/w6o4yg-g9lM?list=PL56cYcw_CLSe_7fWhpYpbf04S8UT77MzK\" frameborder=\"0\" allow=\"accelerometer; autoplay; clipboard-write; encrypted-media; gyroscope; picture-in-picture; web-share\" referrerpolicy=\"strict-origin-when-cross-origin\" allowfullscreen><\/iframe>\n<\/div><\/figure>\n","protected":false},"excerpt":{"rendered":"<p>Am Mittwoch, 14.05., findet ab 19:00 Uhr die bereits dritte LAG Sitzung dieses Jahres statt. Nach dem Besuch des Tierheims in Essen im Januar und der Vortragsreihe zum Thema &#8222;Katzenkastration&#8220; [&hellip;]<\/p>\n","protected":false},"author":-1,"featured_media":857,"comment_status":"closed","ping_status":"closed","sticky":false,"template":"","format":"standard","meta":{"footnotes":""},"categories":[39,1,10],"tags":[56,54],"class_list":["post-1030","post","type-post","status-publish","format-standard","has-post-thumbnail","hentry","category-aktuelles","category-home","category-termine","tag-bundestag","tag-landtag"],"_links":{"self":[{"href":"https:\/\/mensch-und-tier.gruene-nrw-lag.de\/index.php?rest_route=\/wp\/v2\/posts\/1030","targetHints":{"allow":["GET"]}}],"collection":[{"href":"https:\/\/mensch-und-tier.gruene-nrw-lag.de\/index.php?rest_route=\/wp\/v2\/posts"}],"about":[{"href":"https:\/\/mensch-und-tier.gruene-nrw-lag.de\/index.php?rest_route=\/wp\/v2\/types\/post"}],"author":[{"embeddable":true,"href":"https:\/\/mensch-und-tier.gruene-nrw-lag.de\/index.php?rest_route=\/wp\/v2\/users\/43"}],"replies":[{"embeddable":true,"href":"https:\/\/mensch-und-tier.gruene-nrw-lag.de\/index.php?rest_route=%2Fwp%2Fv2%2Fcomments&post=1030"}],"version-history":[{"count":1,"href":"https:\/\/mensch-und-tier.gruene-nrw-lag.de\/index.php?rest_route=\/wp\/v2\/posts\/1030\/revisions"}],"predecessor-version":[{"id":1031,"href":"https:\/\/mensch-und-tier.gruene-nrw-lag.de\/index.php?rest_route=\/wp\/v2\/posts\/1030\/revisions\/1031"}],"wp:featuredmedia":[{"embeddable":true,"href":"https:\/\/mensch-und-tier.gruene-nrw-lag.de\/index.php?rest_route=\/wp\/v2\/media\/857"}],"wp:attachment":[{"href":"https:\/\/mensch-und-tier.gruene-nrw-lag.de\/index.php?rest_route=%2Fwp%2Fv2%2Fmedia&parent=1030"}],"wp:term":[{"taxonomy":"category","embeddable":true,"href":"https:\/\/mensch-und-tier.gruene-nrw-lag.de\/index.php?rest_route=%2Fwp%2Fv2%2Fcategories&post=1030"},{"taxonomy":"post_tag","embeddable":true,"href":"https:\/\/mensch-und-tier.gruene-nrw-lag.de\/index.php?rest_route=%2Fwp%2Fv2%2Ftags&post=1030"}],"curies":[{"name":"wp","href":"https:\/\/api.w.org\/{rel}","templated":true}]}}