{"id":1026,"date":"2025-05-01T01:09:12","date_gmt":"2025-05-01T01:09:12","guid":{"rendered":"https:\/\/mensch-und-tier.gruene-nrw-lag.de\/?p=1026"},"modified":"2025-05-01T01:10:13","modified_gmt":"2025-05-01T01:10:13","slug":"letzte-chance-fuer-die-artenvielfalt-17-05","status":"publish","type":"post","link":"https:\/\/mensch-und-tier.gruene-nrw-lag.de\/?p=1026","title":{"rendered":"Letzte Chance f\u00fcr die Artenvielfalt?, 17.05."},"content":{"rendered":"\n<p>Liebe Aktive, liebe Interessierte,<\/p>\n\n\n\n<p>dieses Jahr findet am <strong>Samstag, 17. Mai, die 11. Gr\u00fcne Artenschutzkonferenz M\u00fcnsterland<\/strong> statt:<\/p>\n\n\n\n<p><strong>&#8222;Letzte Chance f\u00fcr die Artenvielfalt?<\/strong> <strong>Umweltbildung und wissenschaftliche Kommunikation als ein Schl\u00fcssel zum Erfolg!&#8220;<\/strong><\/p>\n\n\n\n<p>Ort:\u00a0<strong>M\u00fcnster- Hiltrup, Stadthalle<\/strong>, Westfalenstra\u00dfe 197<\/p>\n\n\n\n<p>Zeit: 10.30 &#8211; 16.30 h<\/p>\n\n\n\n<p>Einlass: 10.00 h<\/p>\n\n\n\n<p>In einer Zeit zahlreicher Krisen wird die Zerst\u00f6rung der biologischen Vielfalt auf unserem Planeten immer weniger wahrgenommen. Obwohl der Mensch mit der Zerst\u00f6rung seiner Lebensgrundlage selbst betroffen ist. Ein Wissen \u00fcber die vielf\u00e4ltigen Zusammenh\u00e4nge in der Natur, ihrer Zerbrechlichkeit , aber auch ihrer Vitalit\u00e4t, wenn diese gef\u00f6rdert wird, sind entscheidend f\u00fcr die L\u00f6sungswege.<\/p>\n\n\n\n<p>Wer die Natur kennt und auch lieben gelernt hat, wird sie bewahren.<\/p>\n\n\n\n<p>Bei der diesj\u00e4hrigen Artenschutzkonferenz m\u00f6chten wir besonders der<strong> jungen Generation <\/strong>eine M\u00f6glichkeit geben, \u00fcber ihre Erfahrungen im Natur- und Artenschutz zu berichten. Mit Fachvortr\u00e4gen aus Wissenschaft zur Wissensbildung und Kommunikation, sowie einer Podiumsdiskussion soll die gemeinsame Suche nach erfolgreichen Ma\u00dfnahmen vertieft werden.<\/p>\n\n\n\n<p>Wir m\u00f6chten euch einladen, gemeinsam mit Aktiven aus der Politik und den Umweltverb\u00e4nden auf der Artenschutzkonferenz nach m\u00f6glichen L\u00f6sungswege zu suchen.<\/p>\n\n\n\n<p>zum <strong>Programm 2025<\/strong>: <a href=\"https:\/\/www.artenschutzkonferenz.de\/\">https:\/\/www.artenschutzkonferenz.de\/<\/a><\/p>\n\n\n\n<p>Auf der Homepage kann auch der <strong>digitale Flyer mit Programm und weiteren Hinweisen&nbsp;<\/strong> heruntergeladen werden.<\/p>\n\n\n\n<p>&nbsp;Es wird ein Kostenbeitrag erhoben, regul\u00e4r 10 \u20ac, erm\u00e4\u00dfigt 5 \u20ac<\/p>\n\n\n\n<p><strong>Veranstalter:<\/strong><\/p>\n\n\n\n<p>Die Kreisverb\u00e4nde B\u00fcndnis 90\/Die Gr\u00fcnen Coesfeld, Steinfurt, Warendorf, Borken und M\u00fcnster sowie B\u00fcndnis 90\/Die Gr\u00fcnen im Regionalrat M\u00fcnsterland und B\u00fcndnis 90\/Die Gr\u00fcnen Bezirksverband Westfalen. Nat\u00fcrlich mit der Unterst\u00fctzung zahlreicher Aktiver aus dem Natur- und Umweltbereich!<\/p>\n\n\n\n<p><\/p>\n\n\n\n<p><\/p>\n\n\n\n<p><strong>Anreise:\u00a0 <\/strong><\/p>\n\n\n\n<p>Mit der Bahn: Ab Hauptbahnhof M\u00fcnster oder \u00fcber Hamm kommend bis Bahnhof Hiltrup und von dort ca. 15 Minuten Fu\u00dfweg zur Halle oder Buslinie 5 bis Haltestelle \u201eSchulzentrum Hiltrup\u201c.\u00a0 <\/p>\n\n\n\n<p>Oder mit dem Bus: Linien 1, 5 und 9 ab Hauptbahnhof M\u00fcnster bis Haltestelle \u201eSchulzentrum Hiltrup\u201c. Unmittelbar an der Stadthalle Hiltrup stehen zahlreiche Parkpl\u00e4tze zur Verf\u00fcgung (Parkplatz Nord und S\u00fcd).<\/p>\n","protected":false},"excerpt":{"rendered":"<p>Liebe Aktive, liebe Interessierte, dieses Jahr findet am Samstag, 17. Mai, die 11. Gr\u00fcne Artenschutzkonferenz M\u00fcnsterland statt: &#8222;Letzte Chance f\u00fcr die Artenvielfalt? Umweltbildung und wissenschaftliche Kommunikation als ein Schl\u00fcssel zum [&hellip;]<\/p>\n","protected":false},"author":-1,"featured_media":1027,"comment_status":"closed","ping_status":"closed","sticky":false,"template":"","format":"standard","meta":{"footnotes":""},"categories":[39,1,10],"tags":[],"class_list":["post-1026","post","type-post","status-publish","format-standard","has-post-thumbnail","hentry","category-aktuelles","category-home","category-termine"],"_links":{"self":[{"href":"https:\/\/mensch-und-tier.gruene-nrw-lag.de\/index.php?rest_route=\/wp\/v2\/posts\/1026","targetHints":{"allow":["GET"]}}],"collection":[{"href":"https:\/\/mensch-und-tier.gruene-nrw-lag.de\/index.php?rest_route=\/wp\/v2\/posts"}],"about":[{"href":"https:\/\/mensch-und-tier.gruene-nrw-lag.de\/index.php?rest_route=\/wp\/v2\/types\/post"}],"author":[{"embeddable":true,"href":"https:\/\/mensch-und-tier.gruene-nrw-lag.de\/index.php?rest_route=\/wp\/v2\/users\/43"}],"replies":[{"embeddable":true,"href":"https:\/\/mensch-und-tier.gruene-nrw-lag.de\/index.php?rest_route=%2Fwp%2Fv2%2Fcomments&post=1026"}],"version-history":[{"count":2,"href":"https:\/\/mensch-und-tier.gruene-nrw-lag.de\/index.php?rest_route=\/wp\/v2\/posts\/1026\/revisions"}],"predecessor-version":[{"id":1029,"href":"https:\/\/mensch-und-tier.gruene-nrw-lag.de\/index.php?rest_route=\/wp\/v2\/posts\/1026\/revisions\/1029"}],"wp:featuredmedia":[{"embeddable":true,"href":"https:\/\/mensch-und-tier.gruene-nrw-lag.de\/index.php?rest_route=\/wp\/v2\/media\/1027"}],"wp:attachment":[{"href":"https:\/\/mensch-und-tier.gruene-nrw-lag.de\/index.php?rest_route=%2Fwp%2Fv2%2Fmedia&parent=1026"}],"wp:term":[{"taxonomy":"category","embeddable":true,"href":"https:\/\/mensch-und-tier.gruene-nrw-lag.de\/index.php?rest_route=%2Fwp%2Fv2%2Fcategories&post=1026"},{"taxonomy":"post_tag","embeddable":true,"href":"https:\/\/mensch-und-tier.gruene-nrw-lag.de\/index.php?rest_route=%2Fwp%2Fv2%2Ftags&post=1026"}],"curies":[{"name":"wp","href":"https:\/\/api.w.org\/{rel}","templated":true}]}}